{"id":154,"date":"2015-05-20T09:35:30","date_gmt":"2015-05-20T07:35:30","guid":{"rendered":"http:\/\/jacekdybowski.pl\/?p=154"},"modified":"2023-05-20T09:39:44","modified_gmt":"2023-05-20T07:39:44","slug":"25-years-of-the-band-raz-dwa-trzy","status":"publish","type":"post","link":"https:\/\/jacekdybowski.pl\/?p=154","title":{"rendered":"25 YEARS OF THE BAND RAZ DWA TRZY"},"content":{"rendered":"\n<figure class=\"wp-block-embed is-type-video is-provider-youtube wp-block-embed-youtube wp-embed-aspect-16-9 wp-has-aspect-ratio\"><div class=\"wp-block-embed__wrapper\">\n<iframe title=\"Koncert Jubileuszowy Raz Dwa Trzy ... 25 - NFM we Wroc\u0142awiu cz\u0119\u015b\u0107 1\" width=\"858\" height=\"483\" src=\"https:\/\/www.youtube.com\/embed\/HUq4YqrQv0c?feature=oembed\" frameborder=\"0\" allow=\"accelerometer; autoplay; clipboard-write; encrypted-media; gyroscope; picture-in-picture; web-share\" allowfullscreen><\/iframe>\n<\/div><\/figure>\n\n\n\n<p>2015<\/p>\n\n\n\n<p>The concert celebrating the 25th anniversary of the Raz Dwa Trzy group was a great event for the media and for the artists. The band performed their most popular songs and a number of premieres. Exceptional artists were invited. Together with Adam Nowak they performed selected songs of Raz Dwa Trzy in new, surprising and original arrangements. Among the participants of the concert were Kinga Preis, Skubas, Marika, Grzegorz Turnau, Muniek Staszczyk, Adam Strug, Ania Rusowicz and Henryk Mi\u015bkiewicz&#8217;s Quartet consisting of Henryk Mi\u015bkiewicz, Andrzej Jagodzi\u0144ski, S\u0142awomir Kurkiewicz, Micha\u0142 Mi\u015bkiewicz. The artists were accompanied by the Symphony Orchestra of the National Music Forum in Wroclaw, conducted by Hubert Kowalski.<\/p>\n\n\n\n<iframe title=\"Koncert Jubileuszowy Raz Dwa Trzy ... 25 - NFM we Wroc\u0142awiu cz\u0119\u015b\u0107 2\" width=\"858\" height=\"483\" src=\"https:\/\/www.youtube.com\/embed\/20xEYujDtfo?feature=oembed\" frameborder=\"0\" allow=\"accelerometer; autoplay; clipboard-write; encrypted-media; gyroscope; picture-in-picture; web-share\" allowfullscreen><\/iframe>\n\n","protected":false},"excerpt":{"rendered":"<p>2015 The concert celebrating the 25th anniversary of the Raz Dwa Trzy group was a great event for the media and for the artists. The band performed their most popular songs and a number of premieres. Exceptional artists were invited&#8230;. <\/p>\n","protected":false},"author":1,"featured_media":155,"comment_status":"open","ping_status":"open","sticky":false,"template":"","format":"standard","meta":{"footnotes":""},"categories":[4],"tags":[],"class_list":["post-154","post","type-post","status-publish","format-standard","has-post-thumbnail","hentry","category-all-productions"],"_links":{"self":[{"href":"https:\/\/jacekdybowski.pl\/index.php?rest_route=\/wp\/v2\/posts\/154","targetHints":{"allow":["GET"]}}],"collection":[{"href":"https:\/\/jacekdybowski.pl\/index.php?rest_route=\/wp\/v2\/posts"}],"about":[{"href":"https:\/\/jacekdybowski.pl\/index.php?rest_route=\/wp\/v2\/types\/post"}],"author":[{"embeddable":true,"href":"https:\/\/jacekdybowski.pl\/index.php?rest_route=\/wp\/v2\/users\/1"}],"replies":[{"embeddable":true,"href":"https:\/\/jacekdybowski.pl\/index.php?rest_route=%2Fwp%2Fv2%2Fcomments&post=154"}],"version-history":[{"count":2,"href":"https:\/\/jacekdybowski.pl\/index.php?rest_route=\/wp\/v2\/posts\/154\/revisions"}],"predecessor-version":[{"id":158,"href":"https:\/\/jacekdybowski.pl\/index.php?rest_route=\/wp\/v2\/posts\/154\/revisions\/158"}],"wp:featuredmedia":[{"embeddable":true,"href":"https:\/\/jacekdybowski.pl\/index.php?rest_route=\/wp\/v2\/media\/155"}],"wp:attachment":[{"href":"https:\/\/jacekdybowski.pl\/index.php?rest_route=%2Fwp%2Fv2%2Fmedia&parent=154"}],"wp:term":[{"taxonomy":"category","embeddable":true,"href":"https:\/\/jacekdybowski.pl\/index.php?rest_route=%2Fwp%2Fv2%2Fcategories&post=154"},{"taxonomy":"post_tag","embeddable":true,"href":"https:\/\/jacekdybowski.pl\/index.php?rest_route=%2Fwp%2Fv2%2Ftags&post=154"}],"curies":[{"name":"wp","href":"https:\/\/api.w.org\/{rel}","templated":true}]}}