{"id":2250,"date":"2025-08-16T18:15:00","date_gmt":"2025-08-16T16:15:00","guid":{"rendered":"https:\/\/jacekdybowski.pl\/?p=2250"},"modified":"2026-01-25T18:20:31","modified_gmt":"2026-01-25T17:20:31","slug":"summer-with-polish-radio-and-television-mrozy","status":"publish","type":"post","link":"https:\/\/jacekdybowski.pl\/?p=2250","title":{"rendered":"SUMMER WITH POLISH RADIO AND TELEVISION \u2013 MROZY"},"content":{"rendered":"\n<figure class=\"wp-block-embed is-type-video is-provider-youtube wp-block-embed-youtube wp-embed-aspect-16-9 wp-has-aspect-ratio\"><div class=\"wp-block-embed__wrapper\">\n<iframe title=\"Kamil Bednarek - Talizman || Lato z Radiem i TVP - Mrozy\" width=\"858\" height=\"483\" src=\"https:\/\/www.youtube.com\/embed\/g6OVPvn5jBc?feature=oembed\" frameborder=\"0\" allow=\"accelerometer; autoplay; clipboard-write; encrypted-media; gyroscope; picture-in-picture; web-share\" referrerpolicy=\"strict-origin-when-cross-origin\" allowfullscreen><\/iframe>\n<\/div><\/figure>\n\n\n\n<p><strong>16.08.2025 LIVE<\/strong><\/p>\n\n\n\n<p>It was a very hot weekend! On Saturday 16 August at 8pm, Channel Two invited viewers to another concert as part of the 'Summer with Polish Radio and Television&#8217; tour, this time in Mrozy. The first part of the event celebrated the anniversary of the TV series Ranczo, with Ilona Ostrowska, Piotr Pr\u0119gowski, Ma\u0142gorzata Kr\u00f3likowska-Ostrowska, Violetta Arlak and others appearing on stage.<\/p>\n\n\n\n<p>The second half of the concert featured performances by Feel, Lanberry, Jacek Stachursky, Kasia Wilk, Kamil Bednarek, Sztywny Pal Azji and Weronika Korthals.<\/p>\n\n\n\n<p><\/p>\n\n\n\n<p>YOU CAN WATCH ENTIRE SHOW HERE &#8211; PART 1<\/p>\n\n\n\n<p><a href=\"https:\/\/vod.tvp.pl\/programy,88\/lato-z-radiem-i-telewizja-polska-odcinki,1444029\/odcinek-14,S02E14,2302206\">https:\/\/vod.tvp.pl\/programy,88\/lato-z-radiem-i-telewizja-polska-odcinki,1444029\/odcinek-14,S02E14,2302206<\/a><\/p>\n\n\n\n<p>YOU CAN WATCH ENTIRE SHOW HERE &#8211; PART 2<\/p>\n\n\n\n<p><a href=\"https:\/\/vod.tvp.pl\/programy,88\/lato-z-radiem-i-telewizja-polska-odcinki,1444029\/odcinek-13,S02E13,2302203\">https:\/\/vod.tvp.pl\/programy,88\/lato-z-radiem-i-telewizja-polska-odcinki,1444029\/odcinek-13,S02E13,2302203<\/a><\/p>\n\n\n\n<p><strong>VPN WITH POLISH IP REQUIRED<\/strong><\/p>\n\n\n\n<p><\/p>\n\n\n\n<iframe title=\"Lanberry - Dzi\u0119ki, \u017be Jeste\u015b || Lato z Radiem i TVP - Mrozy\" width=\"858\" height=\"483\" src=\"https:\/\/www.youtube.com\/embed\/Zt0KMX-YsTQ?feature=oembed\" frameborder=\"0\" allow=\"accelerometer; autoplay; clipboard-write; encrypted-media; gyroscope; picture-in-picture; web-share\" referrerpolicy=\"strict-origin-when-cross-origin\" allowfullscreen><\/iframe>\n\n\n\n<iframe title=\"Kasia Wilk - Sacrum \/ Do Kiedy Jestem \/ Wa\u017cne || Lato z Radiem i TVP - Mrozy\" width=\"858\" height=\"483\" src=\"https:\/\/www.youtube.com\/embed\/0wb4R2xuh3Y?feature=oembed\" frameborder=\"0\" allow=\"accelerometer; autoplay; clipboard-write; encrypted-media; gyroscope; picture-in-picture; web-share\" referrerpolicy=\"strict-origin-when-cross-origin\" allowfullscreen><\/iframe>\n\n\n\n<iframe title=\"Emilia Komarnicka &amp; Patricia Kazadi - Karnawa\u0142 w Wilkowyjach || Lato z Radiem i TVP - Mrozy\" width=\"858\" height=\"483\" src=\"https:\/\/www.youtube.com\/embed\/pRDxNEL72NQ?feature=oembed\" frameborder=\"0\" allow=\"accelerometer; autoplay; clipboard-write; encrypted-media; gyroscope; picture-in-picture; web-share\" referrerpolicy=\"strict-origin-when-cross-origin\" allowfullscreen><\/iframe>\n\n\n\n<iframe title=\"Jacek Stachursky - Idea\u0142 || Lato z Radiem i TVP - Mrozy\" width=\"858\" height=\"483\" src=\"https:\/\/www.youtube.com\/embed\/kbqLCyVawec?feature=oembed\" frameborder=\"0\" allow=\"accelerometer; autoplay; clipboard-write; encrypted-media; gyroscope; picture-in-picture; web-share\" referrerpolicy=\"strict-origin-when-cross-origin\" allowfullscreen><\/iframe>\n\n\n\n<p><\/p>\n\n\n\n<figure class=\"wp-block-gallery has-nested-images columns-1 is-cropped wp-block-gallery-1 is-layout-flex wp-block-gallery-is-layout-flex\">\n<figure class=\"wp-block-image size-large\"><img decoding=\"async\" width=\"1024\" height=\"576\" data-id=\"2254\" src=\"https:\/\/jacekdybowski.pl\/wp-content\/uploads\/2026\/01\/IMG_3422-1024x576.jpeg\" alt=\"\" class=\"wp-image-2254\" srcset=\"https:\/\/jacekdybowski.pl\/wp-content\/uploads\/2026\/01\/IMG_3422-1024x576.jpeg 1024w, https:\/\/jacekdybowski.pl\/wp-content\/uploads\/2026\/01\/IMG_3422-300x169.jpeg 300w, https:\/\/jacekdybowski.pl\/wp-content\/uploads\/2026\/01\/IMG_3422-768x432.jpeg 768w, https:\/\/jacekdybowski.pl\/wp-content\/uploads\/2026\/01\/IMG_3422-1536x864.jpeg 1536w, https:\/\/jacekdybowski.pl\/wp-content\/uploads\/2026\/01\/IMG_3422-2048x1152.jpeg 2048w, https:\/\/jacekdybowski.pl\/wp-content\/uploads\/2026\/01\/IMG_3422-480x270.jpeg 480w\" sizes=\"(max-width: 1024px) 100vw, 1024px\" \/><\/figure>\n\n\n\n<figure class=\"wp-block-image size-large\"><img decoding=\"async\" width=\"1024\" height=\"576\" data-id=\"2256\" src=\"https:\/\/jacekdybowski.pl\/wp-content\/uploads\/2026\/01\/IMG_3425-1024x576.jpeg\" alt=\"\" class=\"wp-image-2256\" srcset=\"https:\/\/jacekdybowski.pl\/wp-content\/uploads\/2026\/01\/IMG_3425-1024x576.jpeg 1024w, https:\/\/jacekdybowski.pl\/wp-content\/uploads\/2026\/01\/IMG_3425-300x169.jpeg 300w, https:\/\/jacekdybowski.pl\/wp-content\/uploads\/2026\/01\/IMG_3425-768x432.jpeg 768w, https:\/\/jacekdybowski.pl\/wp-content\/uploads\/2026\/01\/IMG_3425-1536x864.jpeg 1536w, https:\/\/jacekdybowski.pl\/wp-content\/uploads\/2026\/01\/IMG_3425-2048x1152.jpeg 2048w, https:\/\/jacekdybowski.pl\/wp-content\/uploads\/2026\/01\/IMG_3425-480x270.jpeg 480w\" sizes=\"(max-width: 1024px) 100vw, 1024px\" \/><\/figure>\n\n\n\n<figure class=\"wp-block-image size-large\"><img decoding=\"async\" width=\"1024\" height=\"576\" data-id=\"2255\" src=\"https:\/\/jacekdybowski.pl\/wp-content\/uploads\/2026\/01\/IMG_3432-1024x576.jpeg\" alt=\"\" class=\"wp-image-2255\" srcset=\"https:\/\/jacekdybowski.pl\/wp-content\/uploads\/2026\/01\/IMG_3432-1024x576.jpeg 1024w, https:\/\/jacekdybowski.pl\/wp-content\/uploads\/2026\/01\/IMG_3432-300x169.jpeg 300w, https:\/\/jacekdybowski.pl\/wp-content\/uploads\/2026\/01\/IMG_3432-768x432.jpeg 768w, https:\/\/jacekdybowski.pl\/wp-content\/uploads\/2026\/01\/IMG_3432-1536x864.jpeg 1536w, https:\/\/jacekdybowski.pl\/wp-content\/uploads\/2026\/01\/IMG_3432-2048x1152.jpeg 2048w, https:\/\/jacekdybowski.pl\/wp-content\/uploads\/2026\/01\/IMG_3432-480x270.jpeg 480w\" sizes=\"(max-width: 1024px) 100vw, 1024px\" \/><\/figure>\n<\/figure>\n","protected":false},"excerpt":{"rendered":"<p>16.08.2025 LIVE It was a very hot weekend! On Saturday 16 August at 8pm, Channel Two invited viewers to another concert as part of the 'Summer with Polish Radio and Television&#8217; tour, this time in Mrozy. The first part of&#8230; <\/p>\n","protected":false},"author":1,"featured_media":2256,"comment_status":"open","ping_status":"open","sticky":false,"template":"","format":"standard","meta":{"footnotes":""},"categories":[4],"tags":[],"class_list":["post-2250","post","type-post","status-publish","format-standard","has-post-thumbnail","hentry","category-all-productions"],"_links":{"self":[{"href":"https:\/\/jacekdybowski.pl\/index.php?rest_route=\/wp\/v2\/posts\/2250","targetHints":{"allow":["GET"]}}],"collection":[{"href":"https:\/\/jacekdybowski.pl\/index.php?rest_route=\/wp\/v2\/posts"}],"about":[{"href":"https:\/\/jacekdybowski.pl\/index.php?rest_route=\/wp\/v2\/types\/post"}],"author":[{"embeddable":true,"href":"https:\/\/jacekdybowski.pl\/index.php?rest_route=\/wp\/v2\/users\/1"}],"replies":[{"embeddable":true,"href":"https:\/\/jacekdybowski.pl\/index.php?rest_route=%2Fwp%2Fv2%2Fcomments&post=2250"}],"version-history":[{"count":5,"href":"https:\/\/jacekdybowski.pl\/index.php?rest_route=\/wp\/v2\/posts\/2250\/revisions"}],"predecessor-version":[{"id":2258,"href":"https:\/\/jacekdybowski.pl\/index.php?rest_route=\/wp\/v2\/posts\/2250\/revisions\/2258"}],"wp:featuredmedia":[{"embeddable":true,"href":"https:\/\/jacekdybowski.pl\/index.php?rest_route=\/wp\/v2\/media\/2256"}],"wp:attachment":[{"href":"https:\/\/jacekdybowski.pl\/index.php?rest_route=%2Fwp%2Fv2%2Fmedia&parent=2250"}],"wp:term":[{"taxonomy":"category","embeddable":true,"href":"https:\/\/jacekdybowski.pl\/index.php?rest_route=%2Fwp%2Fv2%2Fcategories&post=2250"},{"taxonomy":"post_tag","embeddable":true,"href":"https:\/\/jacekdybowski.pl\/index.php?rest_route=%2Fwp%2Fv2%2Ftags&post=2250"}],"curies":[{"name":"wp","href":"https:\/\/api.w.org\/{rel}","templated":true}]}}